{"id":3808,"date":"2023-02-27T21:00:16","date_gmt":"2023-02-28T00:00:16","guid":{"rendered":"https:\/\/estoyseguro.cl\/blog\/?p=3808"},"modified":"2023-11-16T17:56:55","modified_gmt":"2023-11-16T20:56:55","slug":"seguro-colectivo-de-salud-pymes","status":"publish","type":"post","link":"https:\/\/estoyseguro.cl\/blog\/seguro-colectivo-de-salud-pymes\/3808\/","title":{"rendered":"Qu\u00e9 es el seguro colectivo de salud en Chile y por qu\u00e9 es una buena opci\u00f3n para las pymes"},"content":{"rendered":"\n<p>Como ha quedado demostrado durante los \u00faltimos a\u00f1os, nunca se sabe cu\u00e1ndo puede ocurrir una emergencia m\u00e9dica que requiera ex\u00e1menes, asistencia o la compra de remedios que significan un gasto inesperado.<\/p>\n\n\n\n<p>Es por eso que contar con un seguro m\u00e9dico es muy recomendable para estar protegidos. Entre las opciones disponibles existe el seguro de salud colectivo, que pueden resultar muy conveniente para pymes que busquen dar tranquilidad y bienestar a sus trabajadores.  <\/p>\n\n\n\n<h2>\u00bfQu\u00e9 es un seguro colectivo?<\/h2>\n\n\n\n<p>Los seguros Colectivos&nbsp;<strong>son un tipo de seguro que est\u00e1 pensado en cubrir a varias personas que formen parte de un grupo homog\u00e9neo o que tengan un v\u00ednculo com\u00fan<\/strong> y se caracterizan por tener una prima m\u00e1s ventajosa que los seguros Individuales.<\/p>\n\n\n\n<h2>Seguro colectivo: una gran opci\u00f3n para pymes<\/h2>\n\n\n\n<p>Contar con un seguro colectivo dentro de una Peque\u00f1a y media empresa (pyme) tendr\u00e1 <strong>varios beneficios para sus trabajadores<\/strong>.<\/p>\n\n\n\n<p>Esto <strong>har\u00e1 de la Pyme un lugar m\u00e1s atractivo laboralmente, propiciar\u00e1 una buena relaci\u00f3n entre los trabajadores y puede significar un mayor compromiso<\/strong> hacia quienes se preocupan de su salud y bienestar.<\/p>\n\n\n\n<p>Entre los beneficios destaca la inclusi\u00f3n de <strong>\u00edtems que generalmente no forman parte de Fonasa o de los planes de Isapres<\/strong>, como la cobertura en medicamentos y lentes \u00f3pticos.<\/p>\n\n\n\n<p>Tambi\u00e9n se traduce en un menor gasto en hospitalizaci\u00f3n, consultas m\u00e9dicas y tratamientos, ya que los seguros se caracterizan por aplicar sus coberturas posteriormente a los reembolsos que pueda hacer Fonasa o la Isapre correspondiente.<\/p>\n\n\n\n<figure class=\"wp-block-image size-large\"><img decoding=\"async\" loading=\"lazy\" width=\"1200\" height=\"800\" src=\"https:\/\/estoyseguro.cl\/blog\/wp-content\/uploads\/2023\/02\/2-5-1200x800.jpg\" alt=\"\" class=\"wp-image-3822\" srcset=\"https:\/\/estoyseguro.cl\/blog\/wp-content\/uploads\/2023\/02\/2-5-1200x800.jpg 1200w, https:\/\/estoyseguro.cl\/blog\/wp-content\/uploads\/2023\/02\/2-5-900x600.jpg 900w, https:\/\/estoyseguro.cl\/blog\/wp-content\/uploads\/2023\/02\/2-5-768x512.jpg 768w, https:\/\/estoyseguro.cl\/blog\/wp-content\/uploads\/2023\/02\/2-5.jpg 1260w\" sizes=\"(max-width: 1200px) 100vw, 1200px\" \/><\/figure>\n\n\n\n<p>Contar con un seguro tambi\u00e9n te puede ayudar a explorar nuevas posibilidades que sin este complemento ser\u00eda muy dif\u00edcil econ\u00f3micamente, como <strong>consultas nutricionales, la realizaci\u00f3n de cursos online o asesor\u00edas m\u00e9dicas<\/strong> de distinta \u00edndole.<\/p>\n\n\n\n<p>Algunos tambi\u00e9n cuentan con un seguro de vida por un monto determinado que ser\u00e1 entregado familiares o herederos en caso de muerte accidental del trabajador, quedando protegidos econ\u00f3micamente.<\/p>\n\n\n\n<h2>\u00bfCu\u00e1l es el costo de un plan colectivo para Pymes?<\/h2>\n\n\n\n<figure class=\"wp-block-image size-large\"><img decoding=\"async\" loading=\"lazy\" width=\"1200\" height=\"800\" src=\"https:\/\/estoyseguro.cl\/blog\/wp-content\/uploads\/2023\/02\/1-3-1200x800.jpg\" alt=\"\" class=\"wp-image-3821\" srcset=\"https:\/\/estoyseguro.cl\/blog\/wp-content\/uploads\/2023\/02\/1-3-1200x800.jpg 1200w, https:\/\/estoyseguro.cl\/blog\/wp-content\/uploads\/2023\/02\/1-3-900x600.jpg 900w, https:\/\/estoyseguro.cl\/blog\/wp-content\/uploads\/2023\/02\/1-3-768x512.jpg 768w, https:\/\/estoyseguro.cl\/blog\/wp-content\/uploads\/2023\/02\/1-3.jpg 1260w\" sizes=\"(max-width: 1200px) 100vw, 1200px\" \/><\/figure>\n\n\n\n<p>En EstoySeguro tienes dos opciones para escoger un <a href=\"https:\/\/estoyseguro.cl\/seguro-salud-colectivo\/\">seguro colectivo para Pymes<\/a>:<strong> Plan Pyme Est\u00e1ndar o Plan Pyme Premium<\/strong>. <\/p>\n\n\n\n<p>El primero tiene un costo de<strong> 0.49 UF mensual<\/strong>, mientras que la cobertura Premium equivale a un <strong>0.58 UF mensual<\/strong>.<\/p>\n\n\n\n<p>Esto <strong>incluye un seguro de salud <\/strong>que reembolsa entre un 50% y 70% (seg\u00fan del plan) en consultas m\u00e9dicas, ex\u00e1menes, medicamentos, atenci\u00f3n hospitalaria, entre otras coberturas. Adem\u00e1s, cuenta con un deducible anual de UF 0,7 por asegurado y considera un tope anual m\u00e1ximo de UF 300 por beneficiario.<\/p>\n\n\n\n<p>Tambi\u00e9n <strong>incluye un seguro de vida<\/strong> que cubre por 500 UF a la familia o a los beneficiarios en caso de fallecimiento del trabajador y un m\u00e1ximo de 500 UF al trabajador en caso de invalidez total o parcial tras un accidente. <\/p>\n\n\n\n<p>Adem\u00e1s est\u00e1 la posibilidad de agregar un seguro dental y\/o uno catastr\u00f3fico con un monto adicional. Si deseas realizar la cotizaci\u00f3n personalizada <a href=\"https:\/\/estoyseguro.cl\/seguro-salud-colectivo\/\">puedes solicitarla en este enlace<\/a>.<\/p>\n","protected":false},"excerpt":{"rendered":"<p>El seguro colectivo de salud es ideal para pymes que est\u00e1n optando por brindar protecci\u00f3n y tranquilidad a sus trabajadores.<\/p>\n","protected":false},"author":9,"featured_media":3860,"comment_status":"open","ping_status":"open","sticky":false,"template":"","format":"standard","meta":{"inline_featured_image":false},"categories":[1],"tags":[33],"acf":[],"yoast_head":"<!-- This site is optimized with the Yoast SEO plugin v20.2.1 - https:\/\/yoast.com\/wordpress\/plugins\/seo\/ -->\n<title>Qu\u00e9 es el seguro colectivo de Salud y qu\u00e9 opci\u00f3n hay para Pymes<\/title>\n<meta name=\"description\" content=\"El seguro colectivo de salud es ideal para pymes que est\u00e1n optando por brindar protecci\u00f3n y tranquilidad a sus trabajadores.\" \/>\n<meta name=\"robots\" content=\"index, follow, max-snippet:-1, max-image-preview:large, max-video-preview:-1\" \/>\n<link rel=\"canonical\" href=\"https:\/\/estoyseguro.cl\/blog\/seguro-colectivo-de-salud-pymes\/3808\/\" \/>\n<meta property=\"og:locale\" content=\"es_ES\" \/>\n<meta property=\"og:type\" content=\"article\" \/>\n<meta property=\"og:title\" content=\"Qu\u00e9 es el seguro colectivo de Salud y qu\u00e9 opci\u00f3n hay para Pymes\" \/>\n<meta property=\"og:description\" content=\"El seguro colectivo de salud es ideal para pymes que est\u00e1n optando por brindar protecci\u00f3n y tranquilidad a sus trabajadores.\" \/>\n<meta property=\"og:url\" content=\"https:\/\/estoyseguro.cl\/blog\/seguro-colectivo-de-salud-pymes\/3808\/\" \/>\n<meta property=\"og:site_name\" content=\"Blog EstoySeguro\" \/>\n<meta property=\"article:publisher\" content=\"https:\/\/www.facebook.com\/Estoysegurochile\/\" \/>\n<meta property=\"article:published_time\" content=\"2023-02-28T00:00:16+00:00\" \/>\n<meta property=\"article:modified_time\" content=\"2023-11-16T20:56:55+00:00\" \/>\n<meta property=\"og:image\" content=\"https:\/\/estoyseguro.cl\/blog\/wp-content\/uploads\/2023\/02\/seguro-colectivo-salud-pymes-pexels-cottonbro-studio-5867700.jpg\" \/>\n\t<meta property=\"og:image:width\" content=\"1600\" \/>\n\t<meta property=\"og:image:height\" content=\"980\" \/>\n\t<meta property=\"og:image:type\" content=\"image\/jpeg\" \/>\n<meta name=\"author\" content=\"admin\" \/>\n<meta name=\"twitter:card\" content=\"summary_large_image\" \/>\n<meta name=\"twitter:label1\" content=\"Written by\" \/>\n\t<meta name=\"twitter:data1\" content=\"admin\" \/>\n\t<meta name=\"twitter:label2\" content=\"Est. reading time\" \/>\n\t<meta name=\"twitter:data2\" content=\"3 minutos\" \/>\n<script type=\"application\/ld+json\" class=\"yoast-schema-graph\">{\"@context\":\"https:\/\/schema.org\",\"@graph\":[{\"@type\":\"NewsArticle\",\"@id\":\"https:\/\/estoyseguro.cl\/blog\/seguro-colectivo-de-salud-pymes\/3808\/#article\",\"isPartOf\":{\"@id\":\"https:\/\/estoyseguro.cl\/blog\/seguro-colectivo-de-salud-pymes\/3808\/\"},\"author\":{\"name\":\"admin\",\"@id\":\"https:\/\/estoyseguro.cl\/blog\/#\/schema\/person\/3f88a8acb3e1463d133b6ebbe7a67c4e\"},\"headline\":\"Qu\u00e9 es el seguro colectivo de salud en Chile y por qu\u00e9 es una buena opci\u00f3n para las pymes\",\"datePublished\":\"2023-02-28T00:00:16+00:00\",\"dateModified\":\"2023-11-16T20:56:55+00:00\",\"mainEntityOfPage\":{\"@id\":\"https:\/\/estoyseguro.cl\/blog\/seguro-colectivo-de-salud-pymes\/3808\/\"},\"wordCount\":522,\"commentCount\":0,\"publisher\":{\"@id\":\"https:\/\/estoyseguro.cl\/blog\/#organization\"},\"keywords\":[\"Colectivo Salud\"],\"articleSection\":[\"Art\u00edculos\"],\"inLanguage\":\"es-CL\",\"potentialAction\":[{\"@type\":\"CommentAction\",\"name\":\"Comment\",\"target\":[\"https:\/\/estoyseguro.cl\/blog\/seguro-colectivo-de-salud-pymes\/3808\/#respond\"]}]},{\"@type\":\"WebPage\",\"@id\":\"https:\/\/estoyseguro.cl\/blog\/seguro-colectivo-de-salud-pymes\/3808\/\",\"url\":\"https:\/\/estoyseguro.cl\/blog\/seguro-colectivo-de-salud-pymes\/3808\/\",\"name\":\"Qu\u00e9 es el seguro colectivo de Salud y qu\u00e9 opci\u00f3n hay para Pymes\",\"isPartOf\":{\"@id\":\"https:\/\/estoyseguro.cl\/blog\/#website\"},\"datePublished\":\"2023-02-28T00:00:16+00:00\",\"dateModified\":\"2023-11-16T20:56:55+00:00\",\"description\":\"El seguro colectivo de salud es ideal para pymes que est\u00e1n optando por brindar protecci\u00f3n y tranquilidad a sus trabajadores.\",\"breadcrumb\":{\"@id\":\"https:\/\/estoyseguro.cl\/blog\/seguro-colectivo-de-salud-pymes\/3808\/#breadcrumb\"},\"inLanguage\":\"es-CL\",\"potentialAction\":[{\"@type\":\"ReadAction\",\"target\":[\"https:\/\/estoyseguro.cl\/blog\/seguro-colectivo-de-salud-pymes\/3808\/\"]}]},{\"@type\":\"BreadcrumbList\",\"@id\":\"https:\/\/estoyseguro.cl\/blog\/seguro-colectivo-de-salud-pymes\/3808\/#breadcrumb\",\"itemListElement\":[{\"@type\":\"ListItem\",\"position\":1,\"name\":\"Blog\",\"item\":\"https:\/\/estoyseguro.cl\/blog\/\"},{\"@type\":\"ListItem\",\"position\":2,\"name\":\"Colectivo Salud\",\"item\":\"https:\/\/estoyseguro.cl\/blog\/tag\/colectivo-salud\/\"},{\"@type\":\"ListItem\",\"position\":3,\"name\":\"Qu\u00e9 es el seguro colectivo de salud en Chile y por qu\u00e9 es una buena opci\u00f3n para las pymes\"}]},{\"@type\":\"WebSite\",\"@id\":\"https:\/\/estoyseguro.cl\/blog\/#website\",\"url\":\"https:\/\/estoyseguro.cl\/blog\/\",\"name\":\"Blog EstoySeguro\",\"description\":\"Todo lo que necesitas saber sobre el mundo de los seguros en un s\u00f3lo blog.\",\"publisher\":{\"@id\":\"https:\/\/estoyseguro.cl\/blog\/#organization\"},\"alternateName\":\"EstoySeguro\",\"potentialAction\":[{\"@type\":\"SearchAction\",\"target\":{\"@type\":\"EntryPoint\",\"urlTemplate\":\"https:\/\/estoyseguro.cl\/blog\/?s={search_term_string}\"},\"query-input\":\"required name=search_term_string\"}],\"inLanguage\":\"es-CL\"},{\"@type\":\"Organization\",\"@id\":\"https:\/\/estoyseguro.cl\/blog\/#organization\",\"name\":\"EstoySeguro\",\"alternateName\":\"Blog EstoySeguro\",\"url\":\"https:\/\/estoyseguro.cl\/blog\/\",\"logo\":{\"@type\":\"ImageObject\",\"inLanguage\":\"es-CL\",\"@id\":\"https:\/\/estoyseguro.cl\/blog\/#\/schema\/logo\/image\/\",\"url\":\"https:\/\/estoyseguro.cl\/blog\/wp-content\/uploads\/2023\/10\/es-logo-footer.svg\",\"contentUrl\":\"https:\/\/estoyseguro.cl\/blog\/wp-content\/uploads\/2023\/10\/es-logo-footer.svg\",\"width\":\"1200\",\"height\":\"800\",\"caption\":\"EstoySeguro\"},\"image\":{\"@id\":\"https:\/\/estoyseguro.cl\/blog\/#\/schema\/logo\/image\/\"},\"sameAs\":[\"https:\/\/www.facebook.com\/Estoysegurochile\/\",\"https:\/\/www.linkedin.com\/company\/estoysegurocl\/\",\"https:\/\/www.instagram.com\/estoysegurocl\/\"]},{\"@type\":\"Person\",\"@id\":\"https:\/\/estoyseguro.cl\/blog\/#\/schema\/person\/3f88a8acb3e1463d133b6ebbe7a67c4e\",\"name\":\"admin\",\"image\":{\"@type\":\"ImageObject\",\"inLanguage\":\"es-CL\",\"@id\":\"https:\/\/estoyseguro.cl\/blog\/#\/schema\/person\/image\/\",\"url\":\"https:\/\/secure.gravatar.com\/avatar\/0ac092d529d0b698dd07e7b3d51f9107?s=96&d=mm&r=g\",\"contentUrl\":\"https:\/\/secure.gravatar.com\/avatar\/0ac092d529d0b698dd07e7b3d51f9107?s=96&d=mm&r=g\",\"caption\":\"admin\"},\"description\":\"admin\",\"url\":\"https:\/\/estoyseguro.cl\/blog\/author\/admin\/\"}]}<\/script>\n<!-- \/ Yoast SEO plugin. -->","yoast_head_json":{"title":"Qu\u00e9 es el seguro colectivo de Salud y qu\u00e9 opci\u00f3n hay para Pymes","description":"El seguro colectivo de salud es ideal para pymes que est\u00e1n optando por brindar protecci\u00f3n y tranquilidad a sus trabajadores.","robots":{"index":"index","follow":"follow","max-snippet":"max-snippet:-1","max-image-preview":"max-image-preview:large","max-video-preview":"max-video-preview:-1"},"canonical":"https:\/\/estoyseguro.cl\/blog\/seguro-colectivo-de-salud-pymes\/3808\/","og_locale":"es_ES","og_type":"article","og_title":"Qu\u00e9 es el seguro colectivo de Salud y qu\u00e9 opci\u00f3n hay para Pymes","og_description":"El seguro colectivo de salud es ideal para pymes que est\u00e1n optando por brindar protecci\u00f3n y tranquilidad a sus trabajadores.","og_url":"https:\/\/estoyseguro.cl\/blog\/seguro-colectivo-de-salud-pymes\/3808\/","og_site_name":"Blog EstoySeguro","article_publisher":"https:\/\/www.facebook.com\/Estoysegurochile\/","article_published_time":"2023-02-28T00:00:16+00:00","article_modified_time":"2023-11-16T20:56:55+00:00","og_image":[{"width":1600,"height":980,"url":"https:\/\/estoyseguro.cl\/blog\/wp-content\/uploads\/2023\/02\/seguro-colectivo-salud-pymes-pexels-cottonbro-studio-5867700.jpg","type":"image\/jpeg"}],"author":"admin","twitter_card":"summary_large_image","twitter_misc":{"Written by":"admin","Est. reading time":"3 minutos"},"schema":{"@context":"https:\/\/schema.org","@graph":[{"@type":"NewsArticle","@id":"https:\/\/estoyseguro.cl\/blog\/seguro-colectivo-de-salud-pymes\/3808\/#article","isPartOf":{"@id":"https:\/\/estoyseguro.cl\/blog\/seguro-colectivo-de-salud-pymes\/3808\/"},"author":{"name":"admin","@id":"https:\/\/estoyseguro.cl\/blog\/#\/schema\/person\/3f88a8acb3e1463d133b6ebbe7a67c4e"},"headline":"Qu\u00e9 es el seguro colectivo de salud en Chile y por qu\u00e9 es una buena opci\u00f3n para las pymes","datePublished":"2023-02-28T00:00:16+00:00","dateModified":"2023-11-16T20:56:55+00:00","mainEntityOfPage":{"@id":"https:\/\/estoyseguro.cl\/blog\/seguro-colectivo-de-salud-pymes\/3808\/"},"wordCount":522,"commentCount":0,"publisher":{"@id":"https:\/\/estoyseguro.cl\/blog\/#organization"},"keywords":["Colectivo Salud"],"articleSection":["Art\u00edculos"],"inLanguage":"es-CL","potentialAction":[{"@type":"CommentAction","name":"Comment","target":["https:\/\/estoyseguro.cl\/blog\/seguro-colectivo-de-salud-pymes\/3808\/#respond"]}]},{"@type":"WebPage","@id":"https:\/\/estoyseguro.cl\/blog\/seguro-colectivo-de-salud-pymes\/3808\/","url":"https:\/\/estoyseguro.cl\/blog\/seguro-colectivo-de-salud-pymes\/3808\/","name":"Qu\u00e9 es el seguro colectivo de Salud y qu\u00e9 opci\u00f3n hay para Pymes","isPartOf":{"@id":"https:\/\/estoyseguro.cl\/blog\/#website"},"datePublished":"2023-02-28T00:00:16+00:00","dateModified":"2023-11-16T20:56:55+00:00","description":"El seguro colectivo de salud es ideal para pymes que est\u00e1n optando por brindar protecci\u00f3n y tranquilidad a sus trabajadores.","breadcrumb":{"@id":"https:\/\/estoyseguro.cl\/blog\/seguro-colectivo-de-salud-pymes\/3808\/#breadcrumb"},"inLanguage":"es-CL","potentialAction":[{"@type":"ReadAction","target":["https:\/\/estoyseguro.cl\/blog\/seguro-colectivo-de-salud-pymes\/3808\/"]}]},{"@type":"BreadcrumbList","@id":"https:\/\/estoyseguro.cl\/blog\/seguro-colectivo-de-salud-pymes\/3808\/#breadcrumb","itemListElement":[{"@type":"ListItem","position":1,"name":"Blog","item":"https:\/\/estoyseguro.cl\/blog\/"},{"@type":"ListItem","position":2,"name":"Colectivo Salud","item":"https:\/\/estoyseguro.cl\/blog\/tag\/colectivo-salud\/"},{"@type":"ListItem","position":3,"name":"Qu\u00e9 es el seguro colectivo de salud en Chile y por qu\u00e9 es una buena opci\u00f3n para las pymes"}]},{"@type":"WebSite","@id":"https:\/\/estoyseguro.cl\/blog\/#website","url":"https:\/\/estoyseguro.cl\/blog\/","name":"Blog EstoySeguro","description":"Todo lo que necesitas saber sobre el mundo de los seguros en un s\u00f3lo blog.","publisher":{"@id":"https:\/\/estoyseguro.cl\/blog\/#organization"},"alternateName":"EstoySeguro","potentialAction":[{"@type":"SearchAction","target":{"@type":"EntryPoint","urlTemplate":"https:\/\/estoyseguro.cl\/blog\/?s={search_term_string}"},"query-input":"required name=search_term_string"}],"inLanguage":"es-CL"},{"@type":"Organization","@id":"https:\/\/estoyseguro.cl\/blog\/#organization","name":"EstoySeguro","alternateName":"Blog EstoySeguro","url":"https:\/\/estoyseguro.cl\/blog\/","logo":{"@type":"ImageObject","inLanguage":"es-CL","@id":"https:\/\/estoyseguro.cl\/blog\/#\/schema\/logo\/image\/","url":"https:\/\/estoyseguro.cl\/blog\/wp-content\/uploads\/2023\/10\/es-logo-footer.svg","contentUrl":"https:\/\/estoyseguro.cl\/blog\/wp-content\/uploads\/2023\/10\/es-logo-footer.svg","width":"1200","height":"800","caption":"EstoySeguro"},"image":{"@id":"https:\/\/estoyseguro.cl\/blog\/#\/schema\/logo\/image\/"},"sameAs":["https:\/\/www.facebook.com\/Estoysegurochile\/","https:\/\/www.linkedin.com\/company\/estoysegurocl\/","https:\/\/www.instagram.com\/estoysegurocl\/"]},{"@type":"Person","@id":"https:\/\/estoyseguro.cl\/blog\/#\/schema\/person\/3f88a8acb3e1463d133b6ebbe7a67c4e","name":"admin","image":{"@type":"ImageObject","inLanguage":"es-CL","@id":"https:\/\/estoyseguro.cl\/blog\/#\/schema\/person\/image\/","url":"https:\/\/secure.gravatar.com\/avatar\/0ac092d529d0b698dd07e7b3d51f9107?s=96&d=mm&r=g","contentUrl":"https:\/\/secure.gravatar.com\/avatar\/0ac092d529d0b698dd07e7b3d51f9107?s=96&d=mm&r=g","caption":"admin"},"description":"admin","url":"https:\/\/estoyseguro.cl\/blog\/author\/admin\/"}]}},"_links":{"self":[{"href":"https:\/\/estoyseguro.cl\/blog\/wp-json\/wp\/v2\/posts\/3808"}],"collection":[{"href":"https:\/\/estoyseguro.cl\/blog\/wp-json\/wp\/v2\/posts"}],"about":[{"href":"https:\/\/estoyseguro.cl\/blog\/wp-json\/wp\/v2\/types\/post"}],"author":[{"embeddable":true,"href":"https:\/\/estoyseguro.cl\/blog\/wp-json\/wp\/v2\/users\/9"}],"replies":[{"embeddable":true,"href":"https:\/\/estoyseguro.cl\/blog\/wp-json\/wp\/v2\/comments?post=3808"}],"version-history":[{"count":4,"href":"https:\/\/estoyseguro.cl\/blog\/wp-json\/wp\/v2\/posts\/3808\/revisions"}],"predecessor-version":[{"id":4126,"href":"https:\/\/estoyseguro.cl\/blog\/wp-json\/wp\/v2\/posts\/3808\/revisions\/4126"}],"wp:featuredmedia":[{"embeddable":true,"href":"https:\/\/estoyseguro.cl\/blog\/wp-json\/wp\/v2\/media\/3860"}],"wp:attachment":[{"href":"https:\/\/estoyseguro.cl\/blog\/wp-json\/wp\/v2\/media?parent=3808"}],"wp:term":[{"taxonomy":"category","embeddable":true,"href":"https:\/\/estoyseguro.cl\/blog\/wp-json\/wp\/v2\/categories?post=3808"},{"taxonomy":"post_tag","embeddable":true,"href":"https:\/\/estoyseguro.cl\/blog\/wp-json\/wp\/v2\/tags?post=3808"}],"curies":[{"name":"wp","href":"https:\/\/api.w.org\/{rel}","templated":true}]}}