{"id":3172,"date":"2022-08-24T15:27:00","date_gmt":"2022-08-24T18:27:00","guid":{"rendered":"https:\/\/estoyseguro.cl\/blog\/?p=3172"},"modified":"2022-08-25T01:28:03","modified_gmt":"2022-08-25T04:28:03","slug":"como-viajar-con-bicicletas-en-un-auto","status":"publish","type":"post","link":"https:\/\/estoyseguro.cl\/blog\/como-viajar-con-bicicletas-en-un-auto\/3172\/","title":{"rendered":"\u00bfC\u00f3mo viajar con bicicletas en un auto?"},"content":{"rendered":"\n<p>El largo territorio de Chile est\u00e1 constantemente acompa\u00f1ado de cerros y <a href=\"https:\/\/es.wikiloc.com\/rutas\/mountain-bike\/chile\" target=\"_blank\" rel=\"noreferrer noopener\">rutas<\/a> para adentrarse en los diversos paisajes que ofrece. Es por eso que siempre est\u00e1 <strong>la tentaci\u00f3n de montar las bicicletas en un auto y recorrer nuevos caminos en un viaje.<\/strong><\/p>\n\n\n\n<p>Pero <strong>\u00bfC\u00f3mo viajar con bicicletas en<\/strong> <strong>un auto?<\/strong> es importante que las bicicletas queden aseguradas y no se rayen, as\u00ed como tampoco la carrocer\u00eda o el interior del veh\u00edculo.  <\/p>\n\n\n\n<p>Hay diferentes alternativas seg\u00fan el espacio disponible en el auto, continuaci\u00f3n las revisamos. Por otro lado, si tienes pensado viajar en avi\u00f3n te servir\u00e1 saber c\u00f3mo y qu\u00e9 tr\u00e1mites debes realizar para <a href=\"https:\/\/estoyseguro.cl\/blog\/como-viajar-con-bicicletas-en-avion\/3165\/\">viajar en avi\u00f3n con bicicletas<\/a>.<\/p>\n\n\n\n<h2>Veh\u00edculos o maleteros grandes<\/h2>\n\n\n\n<figure class=\"wp-block-image size-full\"><img decoding=\"async\" loading=\"lazy\" width=\"700\" height=\"498\" src=\"https:\/\/estoyseguro.cl\/blog\/wp-content\/uploads\/2022\/08\/004.jpg\" alt=\"\" class=\"wp-image-3183\"\/><\/figure>\n\n\n\n<p>En caso de contar con un auto grande o que destaque por tener un maletero espacioso, es posible que solamente <strong>bajando los asientos traseros <\/strong>la bicicleta quepa completamente armada en el interior.<\/p>\n\n\n\n<p>En ese caso se debe desocupar el espacio, y <strong>tomar la bicicleta con una mano en el cuadro y la otra en el manubrio <\/strong>para tener un completo control de esta.<\/p>\n\n\n\n<p>Luego, deber\u00e1s girar la bicicleta de manera <strong>que quede el cambio hacia arriba e introducir primero la rueda trasera<\/strong>. De esta forma quedar\u00e1 el manubrio y la rueda delantera m\u00e1s cercanos a la puerta del maletero, por lo que hay que fijarse en dejar un espacio para que al cerrar no se golpee la bicicleta.<\/p>\n\n\n\n<p>Para <strong>asegurar de mejor manera la bicicleta <\/strong>ya recostada se puede colocar el pedal que da hacia abajo en el espacio que queda tras bajar el asiento. Adem\u00e1s, se puede<strong> reforzar la estabilidad cruzando los cinturones de seguridad <\/strong>por el marco y rueda trasera.<\/p>\n\n\n\n<h2>Veh\u00edculos o maleteros m\u00e1s peque\u00f1os<\/h2>\n\n\n\n<figure class=\"wp-block-image size-large\"><img decoding=\"async\" loading=\"lazy\" width=\"1200\" height=\"800\" src=\"https:\/\/estoyseguro.cl\/blog\/wp-content\/uploads\/2022\/08\/2-7-1200x800.jpg\" alt=\"\" class=\"wp-image-3184\" srcset=\"https:\/\/estoyseguro.cl\/blog\/wp-content\/uploads\/2022\/08\/2-7-1200x800.jpg 1200w, https:\/\/estoyseguro.cl\/blog\/wp-content\/uploads\/2022\/08\/2-7-900x600.jpg 900w, https:\/\/estoyseguro.cl\/blog\/wp-content\/uploads\/2022\/08\/2-7-768x512.jpg 768w, https:\/\/estoyseguro.cl\/blog\/wp-content\/uploads\/2022\/08\/2-7.jpg 1260w\" sizes=\"(max-width: 1200px) 100vw, 1200px\" \/><\/figure>\n\n\n\n<p>Si no cuentas con un veh\u00edculo muy grande, el maletero no se caracteriza por ser amplio, o simplemente no puedes bajar los asientos traseros, hay otras alternativas.<\/p>\n\n\n\n<p>La mejor opci\u00f3n es <strong>desmontar ambas ruedas <\/strong>para poder posicionar la bicicleta por separado en un espacio m\u00e1s reducido. <\/p>\n\n\n\n<p>Si es posible, <strong>se recomienda poner la estructura de manera vertical<\/strong>, de lo contrario puede quedar recostada horizontalmente, pero hay que tener cuidado de<strong> no ponerle mucho peso encima<\/strong>. Posteriormente las ruedas pueden acomodarse a un costado o sobre el marco, ya que no tienen un peso significativo. <\/p>\n\n\n\n<p>Adem\u00e1s, debes preocuparte de <strong>cubrir la bicicleta con una manta<\/strong> o cualquier prenda que sirva para evitar rayones tanto de la bicicleta como del interior del auto.<\/p>\n\n\n\n<h2>El cl\u00e1sico portabicicletas <\/h2>\n\n\n\n<figure class=\"wp-block-image size-large\"><img decoding=\"async\" loading=\"lazy\" width=\"1200\" height=\"800\" src=\"https:\/\/estoyseguro.cl\/blog\/wp-content\/uploads\/2022\/08\/3-13-1200x800.jpg\" alt=\"\" class=\"wp-image-3185\" srcset=\"https:\/\/estoyseguro.cl\/blog\/wp-content\/uploads\/2022\/08\/3-13-1200x800.jpg 1200w, https:\/\/estoyseguro.cl\/blog\/wp-content\/uploads\/2022\/08\/3-13-900x600.jpg 900w, https:\/\/estoyseguro.cl\/blog\/wp-content\/uploads\/2022\/08\/3-13-768x512.jpg 768w, https:\/\/estoyseguro.cl\/blog\/wp-content\/uploads\/2022\/08\/3-13.jpg 1260w\" sizes=\"(max-width: 1200px) 100vw, 1200px\" \/><\/figure>\n\n\n\n<p>Un m\u00e9todo m\u00e1s com\u00fan para el transporte de bicicletas en auto es <strong>el cl\u00e1sico portabicicletas<\/strong>. Mediante una estructura y correas sirve, generalmente, para transportar 2 o 3 bicicletas. Sin embargo, en el mercado existen de distintas capacidades.<\/p>\n\n\n\n<p>Una de las ventajas de este sistema es que <strong>al instalarse en exterior libera espacio dentro del veh\u00edculo<\/strong>. De esta forma ir con capacidad completa y bultos en el maletero no ser\u00e1 un impedimento para poder llevar tus bicicletas de viaje.  <\/p>\n\n\n\n<p>El lado m\u00e1s negativo es que, una vez instalado,<strong> deja la puerta del maletero sin poder abrirse <\/strong>hasta retirar el portabicicletas, adem\u00e1s de obligarte a tener precauci\u00f3n para no generar rayones en la carrocer\u00eda del auto. Para evitar quedar con el maletero bloqueado, tambi\u00e9n existe la posibilidad de <strong>adherir el portabicicletas en el techo del auto<\/strong>.<\/p>\n\n\n\n<p>Sea cual sea tu opci\u00f3n preferida, existen alternativas y <strong>no hay excusa para que no te animes a pedalear por los diferentes paisajes de nuestro pa\u00eds<\/strong>. Eso s\u00ed, es recomendable contar con un <strong>seguro para bicicletas<\/strong> que te proteja ante cualquier eventualidad, revisa <a href=\"https:\/\/estoyseguro.cl\/blog\/seguro-para-bicicletas-que-es-como-funciona-y-como-se-puede-contratar\/2817\/\">c\u00f3mo funciona y d\u00f3nde se puede contratar<\/a>.<\/p>\n","protected":false},"excerpt":{"rendered":"<p>Completamente armadas o desmontadas, hay distintas alternativas para llevar bicicletas en un auto.<\/p>\n","protected":false},"author":9,"featured_media":3189,"comment_status":"open","ping_status":"open","sticky":false,"template":"","format":"standard","meta":{"inline_featured_image":false},"categories":[1],"tags":[39,8],"acf":[],"yoast_head":"<!-- This site is optimized with the Yoast SEO plugin v20.2.1 - https:\/\/yoast.com\/wordpress\/plugins\/seo\/ -->\n<title>\u00bfC\u00f3mo viajar con bicicletas en un auto?<\/title>\n<meta name=\"description\" content=\"\u00bfC\u00f3mo viajar con bicicletas en un auto? Completamente armadas o desmontadas, hay distintas alternativas para llevar bicicletas en un auto.\" \/>\n<meta name=\"robots\" content=\"index, follow, max-snippet:-1, max-image-preview:large, max-video-preview:-1\" \/>\n<link rel=\"canonical\" href=\"https:\/\/estoyseguro.cl\/blog\/como-viajar-con-bicicletas-en-un-auto\/3172\/\" \/>\n<meta property=\"og:locale\" content=\"es_ES\" \/>\n<meta property=\"og:type\" content=\"article\" \/>\n<meta property=\"og:title\" content=\"\u00bfC\u00f3mo viajar con bicicletas en un auto?\" \/>\n<meta property=\"og:description\" content=\"\u00bfC\u00f3mo viajar con bicicletas en un auto? Completamente armadas o desmontadas, hay distintas alternativas para llevar bicicletas en un auto.\" \/>\n<meta property=\"og:url\" content=\"https:\/\/estoyseguro.cl\/blog\/como-viajar-con-bicicletas-en-un-auto\/3172\/\" \/>\n<meta property=\"og:site_name\" content=\"Blog EstoySeguro\" \/>\n<meta property=\"article:publisher\" content=\"https:\/\/www.facebook.com\/Estoysegurochile\/\" \/>\n<meta property=\"article:published_time\" content=\"2022-08-24T18:27:00+00:00\" \/>\n<meta property=\"article:modified_time\" content=\"2022-08-25T04:28:03+00:00\" \/>\n<meta property=\"og:image\" content=\"https:\/\/estoyseguro.cl\/blog\/wp-content\/uploads\/2022\/08\/bicicletas-en-auto.jpg\" \/>\n\t<meta property=\"og:image:width\" content=\"1600\" \/>\n\t<meta property=\"og:image:height\" content=\"840\" \/>\n\t<meta property=\"og:image:type\" content=\"image\/jpeg\" \/>\n<meta name=\"author\" content=\"admin\" \/>\n<meta name=\"twitter:card\" content=\"summary_large_image\" \/>\n<meta name=\"twitter:label1\" content=\"Written by\" \/>\n\t<meta name=\"twitter:data1\" content=\"admin\" \/>\n\t<meta name=\"twitter:label2\" content=\"Est. reading time\" \/>\n\t<meta name=\"twitter:data2\" content=\"4 minutos\" \/>\n<script type=\"application\/ld+json\" class=\"yoast-schema-graph\">{\"@context\":\"https:\/\/schema.org\",\"@graph\":[{\"@type\":\"NewsArticle\",\"@id\":\"https:\/\/estoyseguro.cl\/blog\/como-viajar-con-bicicletas-en-un-auto\/3172\/#article\",\"isPartOf\":{\"@id\":\"https:\/\/estoyseguro.cl\/blog\/como-viajar-con-bicicletas-en-un-auto\/3172\/\"},\"author\":{\"name\":\"admin\",\"@id\":\"https:\/\/estoyseguro.cl\/blog\/#\/schema\/person\/3f88a8acb3e1463d133b6ebbe7a67c4e\"},\"headline\":\"\u00bfC\u00f3mo viajar con bicicletas en un auto?\",\"datePublished\":\"2022-08-24T18:27:00+00:00\",\"dateModified\":\"2022-08-25T04:28:03+00:00\",\"mainEntityOfPage\":{\"@id\":\"https:\/\/estoyseguro.cl\/blog\/como-viajar-con-bicicletas-en-un-auto\/3172\/\"},\"wordCount\":630,\"commentCount\":0,\"publisher\":{\"@id\":\"https:\/\/estoyseguro.cl\/blog\/#organization\"},\"keywords\":[\"Seguro Bicicleta\",\"Seguro Viajes\"],\"articleSection\":[\"Art\u00edculos\"],\"inLanguage\":\"es-CL\",\"potentialAction\":[{\"@type\":\"CommentAction\",\"name\":\"Comment\",\"target\":[\"https:\/\/estoyseguro.cl\/blog\/como-viajar-con-bicicletas-en-un-auto\/3172\/#respond\"]}]},{\"@type\":\"WebPage\",\"@id\":\"https:\/\/estoyseguro.cl\/blog\/como-viajar-con-bicicletas-en-un-auto\/3172\/\",\"url\":\"https:\/\/estoyseguro.cl\/blog\/como-viajar-con-bicicletas-en-un-auto\/3172\/\",\"name\":\"\u00bfC\u00f3mo viajar con bicicletas en un auto?\",\"isPartOf\":{\"@id\":\"https:\/\/estoyseguro.cl\/blog\/#website\"},\"datePublished\":\"2022-08-24T18:27:00+00:00\",\"dateModified\":\"2022-08-25T04:28:03+00:00\",\"description\":\"\u00bfC\u00f3mo viajar con bicicletas en un auto? Completamente armadas o desmontadas, hay distintas alternativas para llevar bicicletas en un auto.\",\"breadcrumb\":{\"@id\":\"https:\/\/estoyseguro.cl\/blog\/como-viajar-con-bicicletas-en-un-auto\/3172\/#breadcrumb\"},\"inLanguage\":\"es-CL\",\"potentialAction\":[{\"@type\":\"ReadAction\",\"target\":[\"https:\/\/estoyseguro.cl\/blog\/como-viajar-con-bicicletas-en-un-auto\/3172\/\"]}]},{\"@type\":\"BreadcrumbList\",\"@id\":\"https:\/\/estoyseguro.cl\/blog\/como-viajar-con-bicicletas-en-un-auto\/3172\/#breadcrumb\",\"itemListElement\":[{\"@type\":\"ListItem\",\"position\":1,\"name\":\"Blog\",\"item\":\"https:\/\/estoyseguro.cl\/blog\/\"},{\"@type\":\"ListItem\",\"position\":2,\"name\":\"Seguro Bicicleta\",\"item\":\"https:\/\/estoyseguro.cl\/blog\/tag\/seguro-bicicleta\/\"},{\"@type\":\"ListItem\",\"position\":3,\"name\":\"\u00bfC\u00f3mo viajar con bicicletas en un auto?\"}]},{\"@type\":\"WebSite\",\"@id\":\"https:\/\/estoyseguro.cl\/blog\/#website\",\"url\":\"https:\/\/estoyseguro.cl\/blog\/\",\"name\":\"Blog EstoySeguro\",\"description\":\"Todo lo que necesitas saber sobre el mundo de los seguros en un s\u00f3lo blog.\",\"publisher\":{\"@id\":\"https:\/\/estoyseguro.cl\/blog\/#organization\"},\"alternateName\":\"EstoySeguro\",\"potentialAction\":[{\"@type\":\"SearchAction\",\"target\":{\"@type\":\"EntryPoint\",\"urlTemplate\":\"https:\/\/estoyseguro.cl\/blog\/?s={search_term_string}\"},\"query-input\":\"required name=search_term_string\"}],\"inLanguage\":\"es-CL\"},{\"@type\":\"Organization\",\"@id\":\"https:\/\/estoyseguro.cl\/blog\/#organization\",\"name\":\"EstoySeguro\",\"alternateName\":\"Blog EstoySeguro\",\"url\":\"https:\/\/estoyseguro.cl\/blog\/\",\"logo\":{\"@type\":\"ImageObject\",\"inLanguage\":\"es-CL\",\"@id\":\"https:\/\/estoyseguro.cl\/blog\/#\/schema\/logo\/image\/\",\"url\":\"https:\/\/estoyseguro.cl\/blog\/wp-content\/uploads\/2023\/10\/es-logo-footer.svg\",\"contentUrl\":\"https:\/\/estoyseguro.cl\/blog\/wp-content\/uploads\/2023\/10\/es-logo-footer.svg\",\"width\":\"1200\",\"height\":\"800\",\"caption\":\"EstoySeguro\"},\"image\":{\"@id\":\"https:\/\/estoyseguro.cl\/blog\/#\/schema\/logo\/image\/\"},\"sameAs\":[\"https:\/\/www.facebook.com\/Estoysegurochile\/\",\"https:\/\/www.linkedin.com\/company\/estoysegurocl\/\",\"https:\/\/www.instagram.com\/estoysegurocl\/\"]},{\"@type\":\"Person\",\"@id\":\"https:\/\/estoyseguro.cl\/blog\/#\/schema\/person\/3f88a8acb3e1463d133b6ebbe7a67c4e\",\"name\":\"admin\",\"image\":{\"@type\":\"ImageObject\",\"inLanguage\":\"es-CL\",\"@id\":\"https:\/\/estoyseguro.cl\/blog\/#\/schema\/person\/image\/\",\"url\":\"https:\/\/secure.gravatar.com\/avatar\/0ac092d529d0b698dd07e7b3d51f9107?s=96&d=mm&r=g\",\"contentUrl\":\"https:\/\/secure.gravatar.com\/avatar\/0ac092d529d0b698dd07e7b3d51f9107?s=96&d=mm&r=g\",\"caption\":\"admin\"},\"description\":\"admin\",\"url\":\"https:\/\/estoyseguro.cl\/blog\/author\/admin\/\"}]}<\/script>\n<!-- \/ Yoast SEO plugin. -->","yoast_head_json":{"title":"\u00bfC\u00f3mo viajar con bicicletas en un auto?","description":"\u00bfC\u00f3mo viajar con bicicletas en un auto? Completamente armadas o desmontadas, hay distintas alternativas para llevar bicicletas en un auto.","robots":{"index":"index","follow":"follow","max-snippet":"max-snippet:-1","max-image-preview":"max-image-preview:large","max-video-preview":"max-video-preview:-1"},"canonical":"https:\/\/estoyseguro.cl\/blog\/como-viajar-con-bicicletas-en-un-auto\/3172\/","og_locale":"es_ES","og_type":"article","og_title":"\u00bfC\u00f3mo viajar con bicicletas en un auto?","og_description":"\u00bfC\u00f3mo viajar con bicicletas en un auto? Completamente armadas o desmontadas, hay distintas alternativas para llevar bicicletas en un auto.","og_url":"https:\/\/estoyseguro.cl\/blog\/como-viajar-con-bicicletas-en-un-auto\/3172\/","og_site_name":"Blog EstoySeguro","article_publisher":"https:\/\/www.facebook.com\/Estoysegurochile\/","article_published_time":"2022-08-24T18:27:00+00:00","article_modified_time":"2022-08-25T04:28:03+00:00","og_image":[{"width":1600,"height":840,"url":"https:\/\/estoyseguro.cl\/blog\/wp-content\/uploads\/2022\/08\/bicicletas-en-auto.jpg","type":"image\/jpeg"}],"author":"admin","twitter_card":"summary_large_image","twitter_misc":{"Written by":"admin","Est. reading time":"4 minutos"},"schema":{"@context":"https:\/\/schema.org","@graph":[{"@type":"NewsArticle","@id":"https:\/\/estoyseguro.cl\/blog\/como-viajar-con-bicicletas-en-un-auto\/3172\/#article","isPartOf":{"@id":"https:\/\/estoyseguro.cl\/blog\/como-viajar-con-bicicletas-en-un-auto\/3172\/"},"author":{"name":"admin","@id":"https:\/\/estoyseguro.cl\/blog\/#\/schema\/person\/3f88a8acb3e1463d133b6ebbe7a67c4e"},"headline":"\u00bfC\u00f3mo viajar con bicicletas en un auto?","datePublished":"2022-08-24T18:27:00+00:00","dateModified":"2022-08-25T04:28:03+00:00","mainEntityOfPage":{"@id":"https:\/\/estoyseguro.cl\/blog\/como-viajar-con-bicicletas-en-un-auto\/3172\/"},"wordCount":630,"commentCount":0,"publisher":{"@id":"https:\/\/estoyseguro.cl\/blog\/#organization"},"keywords":["Seguro Bicicleta","Seguro Viajes"],"articleSection":["Art\u00edculos"],"inLanguage":"es-CL","potentialAction":[{"@type":"CommentAction","name":"Comment","target":["https:\/\/estoyseguro.cl\/blog\/como-viajar-con-bicicletas-en-un-auto\/3172\/#respond"]}]},{"@type":"WebPage","@id":"https:\/\/estoyseguro.cl\/blog\/como-viajar-con-bicicletas-en-un-auto\/3172\/","url":"https:\/\/estoyseguro.cl\/blog\/como-viajar-con-bicicletas-en-un-auto\/3172\/","name":"\u00bfC\u00f3mo viajar con bicicletas en un auto?","isPartOf":{"@id":"https:\/\/estoyseguro.cl\/blog\/#website"},"datePublished":"2022-08-24T18:27:00+00:00","dateModified":"2022-08-25T04:28:03+00:00","description":"\u00bfC\u00f3mo viajar con bicicletas en un auto? Completamente armadas o desmontadas, hay distintas alternativas para llevar bicicletas en un auto.","breadcrumb":{"@id":"https:\/\/estoyseguro.cl\/blog\/como-viajar-con-bicicletas-en-un-auto\/3172\/#breadcrumb"},"inLanguage":"es-CL","potentialAction":[{"@type":"ReadAction","target":["https:\/\/estoyseguro.cl\/blog\/como-viajar-con-bicicletas-en-un-auto\/3172\/"]}]},{"@type":"BreadcrumbList","@id":"https:\/\/estoyseguro.cl\/blog\/como-viajar-con-bicicletas-en-un-auto\/3172\/#breadcrumb","itemListElement":[{"@type":"ListItem","position":1,"name":"Blog","item":"https:\/\/estoyseguro.cl\/blog\/"},{"@type":"ListItem","position":2,"name":"Seguro Bicicleta","item":"https:\/\/estoyseguro.cl\/blog\/tag\/seguro-bicicleta\/"},{"@type":"ListItem","position":3,"name":"\u00bfC\u00f3mo viajar con bicicletas en un auto?"}]},{"@type":"WebSite","@id":"https:\/\/estoyseguro.cl\/blog\/#website","url":"https:\/\/estoyseguro.cl\/blog\/","name":"Blog EstoySeguro","description":"Todo lo que necesitas saber sobre el mundo de los seguros en un s\u00f3lo blog.","publisher":{"@id":"https:\/\/estoyseguro.cl\/blog\/#organization"},"alternateName":"EstoySeguro","potentialAction":[{"@type":"SearchAction","target":{"@type":"EntryPoint","urlTemplate":"https:\/\/estoyseguro.cl\/blog\/?s={search_term_string}"},"query-input":"required name=search_term_string"}],"inLanguage":"es-CL"},{"@type":"Organization","@id":"https:\/\/estoyseguro.cl\/blog\/#organization","name":"EstoySeguro","alternateName":"Blog EstoySeguro","url":"https:\/\/estoyseguro.cl\/blog\/","logo":{"@type":"ImageObject","inLanguage":"es-CL","@id":"https:\/\/estoyseguro.cl\/blog\/#\/schema\/logo\/image\/","url":"https:\/\/estoyseguro.cl\/blog\/wp-content\/uploads\/2023\/10\/es-logo-footer.svg","contentUrl":"https:\/\/estoyseguro.cl\/blog\/wp-content\/uploads\/2023\/10\/es-logo-footer.svg","width":"1200","height":"800","caption":"EstoySeguro"},"image":{"@id":"https:\/\/estoyseguro.cl\/blog\/#\/schema\/logo\/image\/"},"sameAs":["https:\/\/www.facebook.com\/Estoysegurochile\/","https:\/\/www.linkedin.com\/company\/estoysegurocl\/","https:\/\/www.instagram.com\/estoysegurocl\/"]},{"@type":"Person","@id":"https:\/\/estoyseguro.cl\/blog\/#\/schema\/person\/3f88a8acb3e1463d133b6ebbe7a67c4e","name":"admin","image":{"@type":"ImageObject","inLanguage":"es-CL","@id":"https:\/\/estoyseguro.cl\/blog\/#\/schema\/person\/image\/","url":"https:\/\/secure.gravatar.com\/avatar\/0ac092d529d0b698dd07e7b3d51f9107?s=96&d=mm&r=g","contentUrl":"https:\/\/secure.gravatar.com\/avatar\/0ac092d529d0b698dd07e7b3d51f9107?s=96&d=mm&r=g","caption":"admin"},"description":"admin","url":"https:\/\/estoyseguro.cl\/blog\/author\/admin\/"}]}},"_links":{"self":[{"href":"https:\/\/estoyseguro.cl\/blog\/wp-json\/wp\/v2\/posts\/3172"}],"collection":[{"href":"https:\/\/estoyseguro.cl\/blog\/wp-json\/wp\/v2\/posts"}],"about":[{"href":"https:\/\/estoyseguro.cl\/blog\/wp-json\/wp\/v2\/types\/post"}],"author":[{"embeddable":true,"href":"https:\/\/estoyseguro.cl\/blog\/wp-json\/wp\/v2\/users\/9"}],"replies":[{"embeddable":true,"href":"https:\/\/estoyseguro.cl\/blog\/wp-json\/wp\/v2\/comments?post=3172"}],"version-history":[{"count":4,"href":"https:\/\/estoyseguro.cl\/blog\/wp-json\/wp\/v2\/posts\/3172\/revisions"}],"predecessor-version":[{"id":3190,"href":"https:\/\/estoyseguro.cl\/blog\/wp-json\/wp\/v2\/posts\/3172\/revisions\/3190"}],"wp:featuredmedia":[{"embeddable":true,"href":"https:\/\/estoyseguro.cl\/blog\/wp-json\/wp\/v2\/media\/3189"}],"wp:attachment":[{"href":"https:\/\/estoyseguro.cl\/blog\/wp-json\/wp\/v2\/media?parent=3172"}],"wp:term":[{"taxonomy":"category","embeddable":true,"href":"https:\/\/estoyseguro.cl\/blog\/wp-json\/wp\/v2\/categories?post=3172"},{"taxonomy":"post_tag","embeddable":true,"href":"https:\/\/estoyseguro.cl\/blog\/wp-json\/wp\/v2\/tags?post=3172"}],"curies":[{"name":"wp","href":"https:\/\/api.w.org\/{rel}","templated":true}]}}