{"id":3165,"date":"2022-08-23T17:17:00","date_gmt":"2022-08-23T20:17:00","guid":{"rendered":"https:\/\/estoyseguro.cl\/blog\/?p=3165"},"modified":"2022-08-24T00:01:59","modified_gmt":"2022-08-24T03:01:59","slug":"como-viajar-con-bicicletas-en-avion","status":"publish","type":"post","link":"https:\/\/estoyseguro.cl\/blog\/como-viajar-con-bicicletas-en-avion\/3165\/","title":{"rendered":"\u00bfC\u00f3mo viajar con bicicletas en avi\u00f3n?"},"content":{"rendered":"\n<p>Si andar en bicicleta es parte de tu vida cotidiana y <strong>la quieres llevar para un pr\u00f3ximo viaje<\/strong> deber\u00e1s tener algunas consideraciones. <\/p>\n\n\n\n<p>Al pensar en c\u00f3mo viajar con bicicletas en avi\u00f3n puede sonar m\u00e1s engorroso de lo que en realidad es. <strong>Las aerol\u00edneas disponen de informaci\u00f3n clara al respecto <\/strong>y no tendr\u00e1s problemas mientras cumplas con los requisitos.<\/p>\n\n\n\n<h2>Bicicletas en avi\u00f3n: medidas y embalaje permitido<\/h2>\n\n\n\n<figure class=\"wp-block-image size-large\"><img decoding=\"async\" loading=\"lazy\" width=\"1200\" height=\"800\" src=\"https:\/\/estoyseguro.cl\/blog\/wp-content\/uploads\/2022\/08\/4-9-1200x800.jpg\" alt=\"\" class=\"wp-image-3169\" srcset=\"https:\/\/estoyseguro.cl\/blog\/wp-content\/uploads\/2022\/08\/4-9-1200x800.jpg 1200w, https:\/\/estoyseguro.cl\/blog\/wp-content\/uploads\/2022\/08\/4-9-900x600.jpg 900w, https:\/\/estoyseguro.cl\/blog\/wp-content\/uploads\/2022\/08\/4-9-768x512.jpg 768w, https:\/\/estoyseguro.cl\/blog\/wp-content\/uploads\/2022\/08\/4-9.jpg 1260w\" sizes=\"(max-width: 1200px) 100vw, 1200px\" \/><\/figure>\n\n\n\n<p>Es probable que cuando busques informaci\u00f3n en las aerol\u00edneas debas consultar la categor\u00eda &#8220;equipaje especial&#8221; o &#8220;equipaje deportivo&#8221;.<\/p>\n\n\n\n<p>En <a href=\"https:\/\/www.skyairline.com\/chile\/equipaje\/equipaje-especial\" target=\"_blank\" rel=\"noreferrer noopener\">Sky Airlines<\/a> se especifica sobre las bicicletas que <strong>deben empacarse en un contenedor r\u00edgido <\/strong>que puede ser cart\u00f3n, lona o cubierta dura, entre otras. <\/p>\n\n\n\n<p>Adem\u00e1s, deber\u00e1 entregarse con el manubrio fijo hacia un costado y sin pedales, o con el manubrio y pedales envueltos en pl\u00e1stico o espuma, y con una de las ruedas retiradas. En ambas opciones tambi\u00e9n <strong>se solicita que las dos ruedas est\u00e9n desinfladas<\/strong>. <\/p>\n\n\n\n<p>Para poder llevar tu bicicleta en bodega<strong> las dimensiones sumadas entre ancho, largo y alto no deben superar los 230 cms. lineales<\/strong>. En tanto, tampoco podr\u00e1 exceder los 45 kg. por bulto.<\/p>\n\n\n\n<figure class=\"wp-block-image size-large\"><img decoding=\"async\" loading=\"lazy\" width=\"1200\" height=\"800\" src=\"https:\/\/estoyseguro.cl\/blog\/wp-content\/uploads\/2022\/08\/3-12-1200x800.jpg\" alt=\"\" class=\"wp-image-3170\" srcset=\"https:\/\/estoyseguro.cl\/blog\/wp-content\/uploads\/2022\/08\/3-12-1200x800.jpg 1200w, https:\/\/estoyseguro.cl\/blog\/wp-content\/uploads\/2022\/08\/3-12-900x600.jpg 900w, https:\/\/estoyseguro.cl\/blog\/wp-content\/uploads\/2022\/08\/3-12-768x512.jpg 768w, https:\/\/estoyseguro.cl\/blog\/wp-content\/uploads\/2022\/08\/3-12.jpg 1260w\" sizes=\"(max-width: 1200px) 100vw, 1200px\" \/><\/figure>\n\n\n\n<p>Los mismos requisitos de medidas y pesos son los establecidos por <a href=\"https:\/\/www.latamairlines.com\/cl\/es\/experiencia\/prepara-tu-viaje\/equipaje\/especial\" target=\"_blank\" rel=\"noreferrer noopener\">Latam<\/a>. Sin embargo, <strong>esta aerol\u00ednea exige que la bicicleta debe embalarse sin pedales<\/strong>, con el manubrio atado a un lateral, y los neum\u00e1ticos desinflados. Adem\u00e1s, proh\u00edbe las bicicletas el\u00e9ctricas en bodega. <\/p>\n\n\n\n<p>Es importante destacar que<strong> un usuario podr\u00e1 viajar con un m\u00e1ximo de 3 bicicletas por traslado<\/strong>. Como consejo, recuerda que <strong>comprar el traslado de equipaje especial o deportivo resulta m\u00e1s econ\u00f3mico cuanto antes lo hagas<\/strong>. <\/p>\n\n\n\n<p>Por ejemplo, en Sky la reserva de un equipaje especial al momento de comprar tu pasaje v\u00eda web tiene un costo de $18.990, mientras que hacerlo en el counter del aeropuerto asciende a un valor de $40.000 en vuelos nacionales y hasta $65.000 en internacionales.<\/p>\n\n\n\n<p>Por \u00faltimo, tambi\u00e9n te puede interesar conocer los requisitos y tr\u00e1mites para <a href=\"https:\/\/estoyseguro.cl\/blog\/viajar-con-mascotas-en-avion-requisitos-y-tramites-necesarios\/3148\/\">viajar con mascotas en avi\u00f3n<\/a>. Si eres de los que usan habitualmente su  bicicleta, te podr\u00eda servir el <a href=\"https:\/\/estoyseguro.cl\/blog\/seguro-para-bicicletas-que-es-como-funciona-y-como-se-puede-contratar\/2817\/\">Seguro para bicicletas: qu\u00e9 es, c\u00f3mo funciona y c\u00f3mo se puede contratar<\/a>.<\/p>\n","protected":false},"excerpt":{"rendered":"<p>Las aerol\u00edneas disponen de informaci\u00f3n clara al respecto y no tendr\u00e1s problemas mientras cumplas con los requisitos.<\/p>\n","protected":false},"author":9,"featured_media":3178,"comment_status":"open","ping_status":"open","sticky":false,"template":"","format":"standard","meta":{"inline_featured_image":false},"categories":[1],"tags":[39],"acf":[],"yoast_head":"<!-- This site is optimized with the Yoast SEO plugin v20.2.1 - https:\/\/yoast.com\/wordpress\/plugins\/seo\/ -->\n<title>\u00bfC\u00f3mo viajar con bicicletas en avi\u00f3n?<\/title>\n<meta name=\"description\" content=\"\u00bfC\u00f3mo viajar con bicicletas en avi\u00f3n? Revisa los requisitos de medidas y embalaje para poder viajar con tu bicicleta.\" \/>\n<meta name=\"robots\" content=\"index, follow, max-snippet:-1, max-image-preview:large, max-video-preview:-1\" \/>\n<link rel=\"canonical\" href=\"https:\/\/estoyseguro.cl\/blog\/como-viajar-con-bicicletas-en-avion\/3165\/\" \/>\n<meta property=\"og:locale\" content=\"es_ES\" \/>\n<meta property=\"og:type\" content=\"article\" \/>\n<meta property=\"og:title\" content=\"\u00bfC\u00f3mo viajar con bicicletas en avi\u00f3n?\" \/>\n<meta property=\"og:description\" content=\"\u00bfC\u00f3mo viajar con bicicletas en avi\u00f3n? Revisa los requisitos de medidas y embalaje para poder viajar con tu bicicleta.\" \/>\n<meta property=\"og:url\" content=\"https:\/\/estoyseguro.cl\/blog\/como-viajar-con-bicicletas-en-avion\/3165\/\" \/>\n<meta property=\"og:site_name\" content=\"Blog EstoySeguro\" \/>\n<meta property=\"article:publisher\" content=\"https:\/\/www.facebook.com\/Estoysegurochile\/\" \/>\n<meta property=\"article:published_time\" content=\"2022-08-23T20:17:00+00:00\" \/>\n<meta property=\"article:modified_time\" content=\"2022-08-24T03:01:59+00:00\" \/>\n<meta property=\"og:image\" content=\"https:\/\/estoyseguro.cl\/blog\/wp-content\/uploads\/2022\/08\/bicicletas-en-avion.jpg\" \/>\n\t<meta property=\"og:image:width\" content=\"1600\" \/>\n\t<meta property=\"og:image:height\" content=\"840\" \/>\n\t<meta property=\"og:image:type\" content=\"image\/jpeg\" \/>\n<meta name=\"author\" content=\"admin\" \/>\n<meta name=\"twitter:card\" content=\"summary_large_image\" \/>\n<meta name=\"twitter:label1\" content=\"Written by\" \/>\n\t<meta name=\"twitter:data1\" content=\"admin\" \/>\n\t<meta name=\"twitter:label2\" content=\"Est. reading time\" \/>\n\t<meta name=\"twitter:data2\" content=\"2 minutos\" \/>\n<script type=\"application\/ld+json\" class=\"yoast-schema-graph\">{\"@context\":\"https:\/\/schema.org\",\"@graph\":[{\"@type\":\"NewsArticle\",\"@id\":\"https:\/\/estoyseguro.cl\/blog\/como-viajar-con-bicicletas-en-avion\/3165\/#article\",\"isPartOf\":{\"@id\":\"https:\/\/estoyseguro.cl\/blog\/como-viajar-con-bicicletas-en-avion\/3165\/\"},\"author\":{\"name\":\"admin\",\"@id\":\"https:\/\/estoyseguro.cl\/blog\/#\/schema\/person\/3f88a8acb3e1463d133b6ebbe7a67c4e\"},\"headline\":\"\u00bfC\u00f3mo viajar con bicicletas en avi\u00f3n?\",\"datePublished\":\"2022-08-23T20:17:00+00:00\",\"dateModified\":\"2022-08-24T03:01:59+00:00\",\"mainEntityOfPage\":{\"@id\":\"https:\/\/estoyseguro.cl\/blog\/como-viajar-con-bicicletas-en-avion\/3165\/\"},\"wordCount\":382,\"commentCount\":0,\"publisher\":{\"@id\":\"https:\/\/estoyseguro.cl\/blog\/#organization\"},\"keywords\":[\"Seguro Bicicleta\"],\"articleSection\":[\"Art\u00edculos\"],\"inLanguage\":\"es-CL\",\"potentialAction\":[{\"@type\":\"CommentAction\",\"name\":\"Comment\",\"target\":[\"https:\/\/estoyseguro.cl\/blog\/como-viajar-con-bicicletas-en-avion\/3165\/#respond\"]}]},{\"@type\":\"WebPage\",\"@id\":\"https:\/\/estoyseguro.cl\/blog\/como-viajar-con-bicicletas-en-avion\/3165\/\",\"url\":\"https:\/\/estoyseguro.cl\/blog\/como-viajar-con-bicicletas-en-avion\/3165\/\",\"name\":\"\u00bfC\u00f3mo viajar con bicicletas en avi\u00f3n?\",\"isPartOf\":{\"@id\":\"https:\/\/estoyseguro.cl\/blog\/#website\"},\"datePublished\":\"2022-08-23T20:17:00+00:00\",\"dateModified\":\"2022-08-24T03:01:59+00:00\",\"description\":\"\u00bfC\u00f3mo viajar con bicicletas en avi\u00f3n? Revisa los requisitos de medidas y embalaje para poder viajar con tu bicicleta.\",\"breadcrumb\":{\"@id\":\"https:\/\/estoyseguro.cl\/blog\/como-viajar-con-bicicletas-en-avion\/3165\/#breadcrumb\"},\"inLanguage\":\"es-CL\",\"potentialAction\":[{\"@type\":\"ReadAction\",\"target\":[\"https:\/\/estoyseguro.cl\/blog\/como-viajar-con-bicicletas-en-avion\/3165\/\"]}]},{\"@type\":\"BreadcrumbList\",\"@id\":\"https:\/\/estoyseguro.cl\/blog\/como-viajar-con-bicicletas-en-avion\/3165\/#breadcrumb\",\"itemListElement\":[{\"@type\":\"ListItem\",\"position\":1,\"name\":\"Blog\",\"item\":\"https:\/\/estoyseguro.cl\/blog\/\"},{\"@type\":\"ListItem\",\"position\":2,\"name\":\"Seguro Bicicleta\",\"item\":\"https:\/\/estoyseguro.cl\/blog\/tag\/seguro-bicicleta\/\"},{\"@type\":\"ListItem\",\"position\":3,\"name\":\"\u00bfC\u00f3mo viajar con bicicletas en avi\u00f3n?\"}]},{\"@type\":\"WebSite\",\"@id\":\"https:\/\/estoyseguro.cl\/blog\/#website\",\"url\":\"https:\/\/estoyseguro.cl\/blog\/\",\"name\":\"Blog EstoySeguro\",\"description\":\"Todo lo que necesitas saber sobre el mundo de los seguros en un s\u00f3lo blog.\",\"publisher\":{\"@id\":\"https:\/\/estoyseguro.cl\/blog\/#organization\"},\"alternateName\":\"EstoySeguro\",\"potentialAction\":[{\"@type\":\"SearchAction\",\"target\":{\"@type\":\"EntryPoint\",\"urlTemplate\":\"https:\/\/estoyseguro.cl\/blog\/?s={search_term_string}\"},\"query-input\":\"required name=search_term_string\"}],\"inLanguage\":\"es-CL\"},{\"@type\":\"Organization\",\"@id\":\"https:\/\/estoyseguro.cl\/blog\/#organization\",\"name\":\"EstoySeguro\",\"alternateName\":\"Blog EstoySeguro\",\"url\":\"https:\/\/estoyseguro.cl\/blog\/\",\"logo\":{\"@type\":\"ImageObject\",\"inLanguage\":\"es-CL\",\"@id\":\"https:\/\/estoyseguro.cl\/blog\/#\/schema\/logo\/image\/\",\"url\":\"https:\/\/estoyseguro.cl\/blog\/wp-content\/uploads\/2023\/10\/es-logo-footer.svg\",\"contentUrl\":\"https:\/\/estoyseguro.cl\/blog\/wp-content\/uploads\/2023\/10\/es-logo-footer.svg\",\"width\":\"1200\",\"height\":\"800\",\"caption\":\"EstoySeguro\"},\"image\":{\"@id\":\"https:\/\/estoyseguro.cl\/blog\/#\/schema\/logo\/image\/\"},\"sameAs\":[\"https:\/\/www.facebook.com\/Estoysegurochile\/\",\"https:\/\/www.linkedin.com\/company\/estoysegurocl\/\",\"https:\/\/www.instagram.com\/estoysegurocl\/\"]},{\"@type\":\"Person\",\"@id\":\"https:\/\/estoyseguro.cl\/blog\/#\/schema\/person\/3f88a8acb3e1463d133b6ebbe7a67c4e\",\"name\":\"admin\",\"image\":{\"@type\":\"ImageObject\",\"inLanguage\":\"es-CL\",\"@id\":\"https:\/\/estoyseguro.cl\/blog\/#\/schema\/person\/image\/\",\"url\":\"https:\/\/secure.gravatar.com\/avatar\/0ac092d529d0b698dd07e7b3d51f9107?s=96&d=mm&r=g\",\"contentUrl\":\"https:\/\/secure.gravatar.com\/avatar\/0ac092d529d0b698dd07e7b3d51f9107?s=96&d=mm&r=g\",\"caption\":\"admin\"},\"description\":\"admin\",\"url\":\"https:\/\/estoyseguro.cl\/blog\/author\/admin\/\"}]}<\/script>\n<!-- \/ Yoast SEO plugin. -->","yoast_head_json":{"title":"\u00bfC\u00f3mo viajar con bicicletas en avi\u00f3n?","description":"\u00bfC\u00f3mo viajar con bicicletas en avi\u00f3n? Revisa los requisitos de medidas y embalaje para poder viajar con tu bicicleta.","robots":{"index":"index","follow":"follow","max-snippet":"max-snippet:-1","max-image-preview":"max-image-preview:large","max-video-preview":"max-video-preview:-1"},"canonical":"https:\/\/estoyseguro.cl\/blog\/como-viajar-con-bicicletas-en-avion\/3165\/","og_locale":"es_ES","og_type":"article","og_title":"\u00bfC\u00f3mo viajar con bicicletas en avi\u00f3n?","og_description":"\u00bfC\u00f3mo viajar con bicicletas en avi\u00f3n? Revisa los requisitos de medidas y embalaje para poder viajar con tu bicicleta.","og_url":"https:\/\/estoyseguro.cl\/blog\/como-viajar-con-bicicletas-en-avion\/3165\/","og_site_name":"Blog EstoySeguro","article_publisher":"https:\/\/www.facebook.com\/Estoysegurochile\/","article_published_time":"2022-08-23T20:17:00+00:00","article_modified_time":"2022-08-24T03:01:59+00:00","og_image":[{"width":1600,"height":840,"url":"https:\/\/estoyseguro.cl\/blog\/wp-content\/uploads\/2022\/08\/bicicletas-en-avion.jpg","type":"image\/jpeg"}],"author":"admin","twitter_card":"summary_large_image","twitter_misc":{"Written by":"admin","Est. reading time":"2 minutos"},"schema":{"@context":"https:\/\/schema.org","@graph":[{"@type":"NewsArticle","@id":"https:\/\/estoyseguro.cl\/blog\/como-viajar-con-bicicletas-en-avion\/3165\/#article","isPartOf":{"@id":"https:\/\/estoyseguro.cl\/blog\/como-viajar-con-bicicletas-en-avion\/3165\/"},"author":{"name":"admin","@id":"https:\/\/estoyseguro.cl\/blog\/#\/schema\/person\/3f88a8acb3e1463d133b6ebbe7a67c4e"},"headline":"\u00bfC\u00f3mo viajar con bicicletas en avi\u00f3n?","datePublished":"2022-08-23T20:17:00+00:00","dateModified":"2022-08-24T03:01:59+00:00","mainEntityOfPage":{"@id":"https:\/\/estoyseguro.cl\/blog\/como-viajar-con-bicicletas-en-avion\/3165\/"},"wordCount":382,"commentCount":0,"publisher":{"@id":"https:\/\/estoyseguro.cl\/blog\/#organization"},"keywords":["Seguro Bicicleta"],"articleSection":["Art\u00edculos"],"inLanguage":"es-CL","potentialAction":[{"@type":"CommentAction","name":"Comment","target":["https:\/\/estoyseguro.cl\/blog\/como-viajar-con-bicicletas-en-avion\/3165\/#respond"]}]},{"@type":"WebPage","@id":"https:\/\/estoyseguro.cl\/blog\/como-viajar-con-bicicletas-en-avion\/3165\/","url":"https:\/\/estoyseguro.cl\/blog\/como-viajar-con-bicicletas-en-avion\/3165\/","name":"\u00bfC\u00f3mo viajar con bicicletas en avi\u00f3n?","isPartOf":{"@id":"https:\/\/estoyseguro.cl\/blog\/#website"},"datePublished":"2022-08-23T20:17:00+00:00","dateModified":"2022-08-24T03:01:59+00:00","description":"\u00bfC\u00f3mo viajar con bicicletas en avi\u00f3n? Revisa los requisitos de medidas y embalaje para poder viajar con tu bicicleta.","breadcrumb":{"@id":"https:\/\/estoyseguro.cl\/blog\/como-viajar-con-bicicletas-en-avion\/3165\/#breadcrumb"},"inLanguage":"es-CL","potentialAction":[{"@type":"ReadAction","target":["https:\/\/estoyseguro.cl\/blog\/como-viajar-con-bicicletas-en-avion\/3165\/"]}]},{"@type":"BreadcrumbList","@id":"https:\/\/estoyseguro.cl\/blog\/como-viajar-con-bicicletas-en-avion\/3165\/#breadcrumb","itemListElement":[{"@type":"ListItem","position":1,"name":"Blog","item":"https:\/\/estoyseguro.cl\/blog\/"},{"@type":"ListItem","position":2,"name":"Seguro Bicicleta","item":"https:\/\/estoyseguro.cl\/blog\/tag\/seguro-bicicleta\/"},{"@type":"ListItem","position":3,"name":"\u00bfC\u00f3mo viajar con bicicletas en avi\u00f3n?"}]},{"@type":"WebSite","@id":"https:\/\/estoyseguro.cl\/blog\/#website","url":"https:\/\/estoyseguro.cl\/blog\/","name":"Blog EstoySeguro","description":"Todo lo que necesitas saber sobre el mundo de los seguros en un s\u00f3lo blog.","publisher":{"@id":"https:\/\/estoyseguro.cl\/blog\/#organization"},"alternateName":"EstoySeguro","potentialAction":[{"@type":"SearchAction","target":{"@type":"EntryPoint","urlTemplate":"https:\/\/estoyseguro.cl\/blog\/?s={search_term_string}"},"query-input":"required name=search_term_string"}],"inLanguage":"es-CL"},{"@type":"Organization","@id":"https:\/\/estoyseguro.cl\/blog\/#organization","name":"EstoySeguro","alternateName":"Blog EstoySeguro","url":"https:\/\/estoyseguro.cl\/blog\/","logo":{"@type":"ImageObject","inLanguage":"es-CL","@id":"https:\/\/estoyseguro.cl\/blog\/#\/schema\/logo\/image\/","url":"https:\/\/estoyseguro.cl\/blog\/wp-content\/uploads\/2023\/10\/es-logo-footer.svg","contentUrl":"https:\/\/estoyseguro.cl\/blog\/wp-content\/uploads\/2023\/10\/es-logo-footer.svg","width":"1200","height":"800","caption":"EstoySeguro"},"image":{"@id":"https:\/\/estoyseguro.cl\/blog\/#\/schema\/logo\/image\/"},"sameAs":["https:\/\/www.facebook.com\/Estoysegurochile\/","https:\/\/www.linkedin.com\/company\/estoysegurocl\/","https:\/\/www.instagram.com\/estoysegurocl\/"]},{"@type":"Person","@id":"https:\/\/estoyseguro.cl\/blog\/#\/schema\/person\/3f88a8acb3e1463d133b6ebbe7a67c4e","name":"admin","image":{"@type":"ImageObject","inLanguage":"es-CL","@id":"https:\/\/estoyseguro.cl\/blog\/#\/schema\/person\/image\/","url":"https:\/\/secure.gravatar.com\/avatar\/0ac092d529d0b698dd07e7b3d51f9107?s=96&d=mm&r=g","contentUrl":"https:\/\/secure.gravatar.com\/avatar\/0ac092d529d0b698dd07e7b3d51f9107?s=96&d=mm&r=g","caption":"admin"},"description":"admin","url":"https:\/\/estoyseguro.cl\/blog\/author\/admin\/"}]}},"_links":{"self":[{"href":"https:\/\/estoyseguro.cl\/blog\/wp-json\/wp\/v2\/posts\/3165"}],"collection":[{"href":"https:\/\/estoyseguro.cl\/blog\/wp-json\/wp\/v2\/posts"}],"about":[{"href":"https:\/\/estoyseguro.cl\/blog\/wp-json\/wp\/v2\/types\/post"}],"author":[{"embeddable":true,"href":"https:\/\/estoyseguro.cl\/blog\/wp-json\/wp\/v2\/users\/9"}],"replies":[{"embeddable":true,"href":"https:\/\/estoyseguro.cl\/blog\/wp-json\/wp\/v2\/comments?post=3165"}],"version-history":[{"count":5,"href":"https:\/\/estoyseguro.cl\/blog\/wp-json\/wp\/v2\/posts\/3165\/revisions"}],"predecessor-version":[{"id":3179,"href":"https:\/\/estoyseguro.cl\/blog\/wp-json\/wp\/v2\/posts\/3165\/revisions\/3179"}],"wp:featuredmedia":[{"embeddable":true,"href":"https:\/\/estoyseguro.cl\/blog\/wp-json\/wp\/v2\/media\/3178"}],"wp:attachment":[{"href":"https:\/\/estoyseguro.cl\/blog\/wp-json\/wp\/v2\/media?parent=3165"}],"wp:term":[{"taxonomy":"category","embeddable":true,"href":"https:\/\/estoyseguro.cl\/blog\/wp-json\/wp\/v2\/categories?post=3165"},{"taxonomy":"post_tag","embeddable":true,"href":"https:\/\/estoyseguro.cl\/blog\/wp-json\/wp\/v2\/tags?post=3165"}],"curies":[{"name":"wp","href":"https:\/\/api.w.org\/{rel}","templated":true}]}}